{"id":7717,"date":"2012-12-13T10:31:00","date_gmt":"2012-12-13T09:31:00","guid":{"rendered":"https:\/\/podgorjesg.splet.arnes.si\/?p=7717"},"modified":"2025-06-17T09:08:04","modified_gmt":"2025-06-17T07:08:04","slug":"srecanje-clanov-drustva-invalidov-slovenj-gradec-v-prireditvenem-sotoru-pri-upravni-enoti-slovenj-gradec","status":"publish","type":"post","link":"https:\/\/www.ospodgorje.si\/?p=7717","title":{"rendered":"Sre\u010danje \u010dlanov Dru\u0161tva invalidov Slovenj Gradec v prireditvenem \u0161otoru pri Upravni enoti Slovenj Gradec"},"content":{"rendered":"\n<p><small>\u017de prvi dan \u0161olskega leta nas je obiskal gospod Ivan Mernik. Povabil nas je k sodelovanju pri kulturnem programu na redni seji invalidov, ki je bila 19. septembra 2012 v Slovenj Gradcu. Na\u0161i u\u010denci so se z veseljem odzvali vabilu in v kratkem \u010dasu pripravili dve glasbeni to\u010dki. Ob spremljavi frajtonarice so zapeli pesem&nbsp; Rastejo v strmi gori bele planike tri. Druga to\u010dka je bila vokalna;&nbsp; vedno navdu\u0161ujo\u010di&nbsp; toni frajtonarice so ob posko\u010dni melodiji navdu\u0161ili zbrane.<br>Tovrstno sodelovanje na\u0161e \u0161ole s kulturnim dru\u0161tvom ni novo. \u017de v preteklosti smo se radi odzvali tovrstnim povabilom in iz srca zapeli kak\u0161no ljudsko ali narodno-zabavno pesem. &nbsp;<br><\/small><\/p>\n\n\n\n<p><small>Zapisala u\u010diteljica Helena Korat<\/small><\/p>\n\n\n\n<figure class=\"wp-block-gallery has-nested-images columns-default is-cropped wp-block-gallery-1 is-layout-flex wp-block-gallery-is-layout-flex\">\n<figure class=\"wp-block-image size-large\"><a href=\"https:\/\/www.ospodgorje.si\/files\/2025\/06\/aktualno-122-podgorje-sola-prireditev-drustvo-invalidov-1.jpg\" target=\"_blank\"><img loading=\"lazy\" decoding=\"async\" width=\"400\" height=\"250\" data-id=\"7720\" src=\"https:\/\/www.ospodgorje.si\/files\/2025\/06\/aktualno-122-podgorje-sola-prireditev-drustvo-invalidov-1.jpg\" alt=\"\" class=\"wp-image-7720\" srcset=\"https:\/\/www.ospodgorje.si\/files\/2025\/06\/aktualno-122-podgorje-sola-prireditev-drustvo-invalidov-1.jpg 400w, https:\/\/www.ospodgorje.si\/files\/2025\/06\/aktualno-122-podgorje-sola-prireditev-drustvo-invalidov-1-300x188.jpg 300w\" sizes=\"auto, (max-width: 400px) 100vw, 400px\" \/><\/a><\/figure>\n\n\n\n<figure class=\"wp-block-image size-large\"><a href=\"https:\/\/www.ospodgorje.si\/files\/2025\/06\/aktualno-122-podgorje-sola-prireditev-drustvo-invalidov-2.jpg\" target=\"_blank\"><img loading=\"lazy\" decoding=\"async\" width=\"400\" height=\"250\" data-id=\"7719\" src=\"https:\/\/www.ospodgorje.si\/files\/2025\/06\/aktualno-122-podgorje-sola-prireditev-drustvo-invalidov-2.jpg\" alt=\"\" class=\"wp-image-7719\" srcset=\"https:\/\/www.ospodgorje.si\/files\/2025\/06\/aktualno-122-podgorje-sola-prireditev-drustvo-invalidov-2.jpg 400w, https:\/\/www.ospodgorje.si\/files\/2025\/06\/aktualno-122-podgorje-sola-prireditev-drustvo-invalidov-2-300x188.jpg 300w\" sizes=\"auto, (max-width: 400px) 100vw, 400px\" \/><\/a><\/figure>\n\n\n\n<figure class=\"wp-block-image size-large\"><a href=\"https:\/\/www.ospodgorje.si\/files\/2025\/06\/aktualno-122-podgorje-sola-prireditev-drustvo-invalidov-3.jpg\" target=\"_blank\"><img loading=\"lazy\" decoding=\"async\" width=\"400\" height=\"250\" data-id=\"7718\" src=\"https:\/\/www.ospodgorje.si\/files\/2025\/06\/aktualno-122-podgorje-sola-prireditev-drustvo-invalidov-3.jpg\" alt=\"\" class=\"wp-image-7718\" srcset=\"https:\/\/www.ospodgorje.si\/files\/2025\/06\/aktualno-122-podgorje-sola-prireditev-drustvo-invalidov-3.jpg 400w, https:\/\/www.ospodgorje.si\/files\/2025\/06\/aktualno-122-podgorje-sola-prireditev-drustvo-invalidov-3-300x188.jpg 300w\" sizes=\"auto, (max-width: 400px) 100vw, 400px\" \/><\/a><\/figure>\n\n\n\n<figure class=\"wp-block-image size-large\"><a href=\"https:\/\/www.ospodgorje.si\/files\/2025\/06\/aktualno-122-podgorje-sola-prireditev-drustvo-invalidov-4.jpg\" target=\"_blank\"><img loading=\"lazy\" decoding=\"async\" width=\"400\" height=\"250\" data-id=\"7721\" src=\"https:\/\/www.ospodgorje.si\/files\/2025\/06\/aktualno-122-podgorje-sola-prireditev-drustvo-invalidov-4.jpg\" alt=\"\" class=\"wp-image-7721\" srcset=\"https:\/\/www.ospodgorje.si\/files\/2025\/06\/aktualno-122-podgorje-sola-prireditev-drustvo-invalidov-4.jpg 400w, https:\/\/www.ospodgorje.si\/files\/2025\/06\/aktualno-122-podgorje-sola-prireditev-drustvo-invalidov-4-300x188.jpg 300w\" sizes=\"auto, (max-width: 400px) 100vw, 400px\" \/><\/a><\/figure>\n\n\n\n<figure class=\"wp-block-image size-large\"><a href=\"https:\/\/www.ospodgorje.si\/files\/2025\/06\/aktualno-122-podgorje-sola-prireditev-drustvo-invalidov-5.jpg\" target=\"_blank\"><img loading=\"lazy\" decoding=\"async\" width=\"400\" height=\"250\" data-id=\"7722\" src=\"https:\/\/www.ospodgorje.si\/files\/2025\/06\/aktualno-122-podgorje-sola-prireditev-drustvo-invalidov-5.jpg\" alt=\"\" class=\"wp-image-7722\" srcset=\"https:\/\/www.ospodgorje.si\/files\/2025\/06\/aktualno-122-podgorje-sola-prireditev-drustvo-invalidov-5.jpg 400w, https:\/\/www.ospodgorje.si\/files\/2025\/06\/aktualno-122-podgorje-sola-prireditev-drustvo-invalidov-5-300x188.jpg 300w\" sizes=\"auto, (max-width: 400px) 100vw, 400px\" \/><\/a><\/figure>\n<\/figure>\n","protected":false},"excerpt":{"rendered":"<p>\u017de prvi dan \u0161olskega leta nas je obiskal gospod Ivan Mernik. Povabil nas je k sodelovanju pri kulturnem programu na redni seji invalidov, ki je bila 19. septembra 2012 v Slovenj Gradcu. Na\u0161i u\u010denci&#46;&#46;&#46;<\/p>\n","protected":false},"author":25249,"featured_media":7720,"comment_status":"closed","ping_status":"open","sticky":false,"template":"","format":"standard","meta":{"ngg_post_thumbnail":0,"footnotes":""},"categories":[9],"tags":[],"class_list":["post-7717","post","type-post","status-publish","format-standard","has-post-thumbnail","hentry","category-novice"],"_links":{"self":[{"href":"https:\/\/www.ospodgorje.si\/index.php?rest_route=\/wp\/v2\/posts\/7717","targetHints":{"allow":["GET"]}}],"collection":[{"href":"https:\/\/www.ospodgorje.si\/index.php?rest_route=\/wp\/v2\/posts"}],"about":[{"href":"https:\/\/www.ospodgorje.si\/index.php?rest_route=\/wp\/v2\/types\/post"}],"author":[{"embeddable":true,"href":"https:\/\/www.ospodgorje.si\/index.php?rest_route=\/wp\/v2\/users\/25249"}],"replies":[{"embeddable":true,"href":"https:\/\/www.ospodgorje.si\/index.php?rest_route=%2Fwp%2Fv2%2Fcomments&post=7717"}],"version-history":[{"count":2,"href":"https:\/\/www.ospodgorje.si\/index.php?rest_route=\/wp\/v2\/posts\/7717\/revisions"}],"predecessor-version":[{"id":8229,"href":"https:\/\/www.ospodgorje.si\/index.php?rest_route=\/wp\/v2\/posts\/7717\/revisions\/8229"}],"wp:featuredmedia":[{"embeddable":true,"href":"https:\/\/www.ospodgorje.si\/index.php?rest_route=\/wp\/v2\/media\/7720"}],"wp:attachment":[{"href":"https:\/\/www.ospodgorje.si\/index.php?rest_route=%2Fwp%2Fv2%2Fmedia&parent=7717"}],"wp:term":[{"taxonomy":"category","embeddable":true,"href":"https:\/\/www.ospodgorje.si\/index.php?rest_route=%2Fwp%2Fv2%2Fcategories&post=7717"},{"taxonomy":"post_tag","embeddable":true,"href":"https:\/\/www.ospodgorje.si\/index.php?rest_route=%2Fwp%2Fv2%2Ftags&post=7717"}],"curies":[{"name":"wp","href":"https:\/\/api.w.org\/{rel}","templated":true}]}}