{"id":7513,"date":"2012-09-20T08:55:00","date_gmt":"2012-09-20T06:55:00","guid":{"rendered":"https:\/\/podgorjesg.splet.arnes.si\/?p=7513"},"modified":"2025-06-17T09:05:09","modified_gmt":"2025-06-17T07:05:09","slug":"otvoritev-prenovljenih-prostorov-v-os-podgorje-20-9-2012","status":"publish","type":"post","link":"https:\/\/www.ospodgorje.si\/?p=7513","title":{"rendered":"OTVORITEV PRENOVLJENIH PROSTOROV V O\u0160 PODGORJE, 20.9.2012"},"content":{"rendered":"\n<p>Pred natanko petimi meseci to je 20 aprila letos smo zaklju\u010dili eno lepo zgodbico. Otvorili smo dolgo pri\u010dakovano garderobo na vhodu \u0161ole. Po dolgem \u010dasu smo tudi v Podgorju za\u010dutili duh po novem in oko se je zlahka navadilo na novo, prijetno.<\/p>\n\n\n\n<p>Pomlad je za\u010dela prehajati v poletje. Bli\u017eal se je konec \u0161olskega leta, na\u010drtovati je bilo potrebno \u017ee za novo delovno leto. Tega na\u010drtovanja se je morala lotiti tudi knji\u017enica in vrtec, ki delujeta v kraju. Toda pojavile so se razli\u010dne te\u017eave. Klic na pomo\u010d smo prejeli tudi na \u0161olo Podgorje. Ni nam bilo vseeno in zavedali smo se, koliko lahko vsi izgubimo, \u010de knji\u017enice v Podgorju ne bo ve\u010d in koliko pomeni za star\u0161e in \u0161olo, \u010de otroci iz kraja ne morejo obiskovati vrtec v svojem kraju. Mestna ob\u010dina Slovenj Gradec je pripravila na\u010drt in skupaj smo preu\u010dili prednosti in slabosti razli\u010dic. Na koncu smo se odlo\u010dili za izvedbo.<\/p>\n\n\n\n<p>In zgodilo se je. 20. septembra po petih mesecih spet zaklju\u010dujemo novo zgodbico v knjigi, ki se imenuje OBNOVA \u0160OLE PODGORJE. \u010ceprav smo za\u010dasno izgubili tri u\u010dilnice in imamo malce prostorske stiske, smo veseli, da smo lahko pomagali. Verjamem, da ko bodo mo\u017enosti, nadaljujemo s pisanjem novih zgodbic v na\u0161o knjigo pa prav do epiloga, ko se bo \u0161ola oblekla tudi v toplej\u0161e izolativne materiale in nas prihajajo\u010dih mrzlih zim ne bo ve\u010d tako strah.<\/p>\n\n\n\n<p>Naj dopi\u0161em \u0161e zahvalo Mestni ob\u010dini Slovenj Gardec, da je omogo\u010dila izvedbo projekta, vsem izvajalcem, ki so se med poletjem trudili narediti \u010dim bolj\u0161e in \u010dim hitreje. Vsem zaposlenim, ki so \u017ertvovali svoj dopust, da je bilo na 3. september vse pripravljeno za prihod u\u010dencev.<br>Zahvaljujem se za odli\u010dno sodelovanje s knji\u017enico in vrtcem in verjamem na konstruktivno sodelovanj \u0161e naprej.<br>Vnaprej se zahvaljujem u\u010diteljicam, da bodo z veliko potrpe\u017eljivosti uspele organizirati pouk tudi v okrnjeni prostorski postavi \u0161ole. Hvala vsem \u0161e enkrat, da nam je uspelo tisto, kar smo si pred natanko petimi meseci skoraj v pravljici le predstavljali.<\/p>\n\n\n\n<p>ravnatelj mag. Aljo\u0161a Lavrin\u0161ek<\/p>\n\n\n\n<figure class=\"wp-block-gallery has-nested-images columns-default is-cropped wp-block-gallery-1 is-layout-flex wp-block-gallery-is-layout-flex\">\n<figure class=\"wp-block-image size-large\"><a href=\"https:\/\/www.ospodgorje.si\/files\/2025\/06\/aktualno-111-Podgorje-otvoritev-1.jpg\" target=\"_blank\"><img loading=\"lazy\" decoding=\"async\" width=\"400\" height=\"283\" data-id=\"7514\" src=\"https:\/\/www.ospodgorje.si\/files\/2025\/06\/aktualno-111-Podgorje-otvoritev-1.jpg\" alt=\"\" class=\"wp-image-7514\" srcset=\"https:\/\/www.ospodgorje.si\/files\/2025\/06\/aktualno-111-Podgorje-otvoritev-1.jpg 400w, https:\/\/www.ospodgorje.si\/files\/2025\/06\/aktualno-111-Podgorje-otvoritev-1-300x212.jpg 300w\" sizes=\"auto, (max-width: 400px) 100vw, 400px\" \/><\/a><\/figure>\n\n\n\n<figure class=\"wp-block-image size-large\"><a href=\"https:\/\/www.ospodgorje.si\/files\/2025\/06\/aktualno-111-Podgorje-otvoritev-2.jpg\" target=\"_blank\"><img loading=\"lazy\" decoding=\"async\" width=\"400\" height=\"267\" data-id=\"7518\" src=\"https:\/\/www.ospodgorje.si\/files\/2025\/06\/aktualno-111-Podgorje-otvoritev-2.jpg\" alt=\"\" class=\"wp-image-7518\" srcset=\"https:\/\/www.ospodgorje.si\/files\/2025\/06\/aktualno-111-Podgorje-otvoritev-2.jpg 400w, https:\/\/www.ospodgorje.si\/files\/2025\/06\/aktualno-111-Podgorje-otvoritev-2-300x200.jpg 300w\" sizes=\"auto, (max-width: 400px) 100vw, 400px\" \/><\/a><\/figure>\n\n\n\n<figure class=\"wp-block-image size-large\"><a href=\"https:\/\/www.ospodgorje.si\/files\/2025\/06\/aktualno-111-Podgorje-otvoritev-3.jpg\" target=\"_blank\"><img loading=\"lazy\" decoding=\"async\" width=\"400\" height=\"570\" data-id=\"7515\" src=\"https:\/\/www.ospodgorje.si\/files\/2025\/06\/aktualno-111-Podgorje-otvoritev-3.jpg\" alt=\"\" class=\"wp-image-7515\" srcset=\"https:\/\/www.ospodgorje.si\/files\/2025\/06\/aktualno-111-Podgorje-otvoritev-3.jpg 400w, https:\/\/www.ospodgorje.si\/files\/2025\/06\/aktualno-111-Podgorje-otvoritev-3-211x300.jpg 211w\" sizes=\"auto, (max-width: 400px) 100vw, 400px\" \/><\/a><\/figure>\n\n\n\n<figure class=\"wp-block-image size-large\"><a href=\"https:\/\/www.ospodgorje.si\/files\/2025\/06\/aktualno-111-Podgorje-otvoritev-4.jpg\" target=\"_blank\"><img loading=\"lazy\" decoding=\"async\" width=\"400\" height=\"557\" data-id=\"7517\" src=\"https:\/\/www.ospodgorje.si\/files\/2025\/06\/aktualno-111-Podgorje-otvoritev-4.jpg\" alt=\"\" class=\"wp-image-7517\" srcset=\"https:\/\/www.ospodgorje.si\/files\/2025\/06\/aktualno-111-Podgorje-otvoritev-4.jpg 400w, https:\/\/www.ospodgorje.si\/files\/2025\/06\/aktualno-111-Podgorje-otvoritev-4-215x300.jpg 215w\" sizes=\"auto, (max-width: 400px) 100vw, 400px\" \/><\/a><\/figure>\n\n\n\n<figure class=\"wp-block-image size-large\"><a href=\"https:\/\/www.ospodgorje.si\/files\/2025\/06\/aktualno-111-Podgorje-otvoritev-5.jpg\" target=\"_blank\"><img loading=\"lazy\" decoding=\"async\" width=\"400\" height=\"225\" data-id=\"7516\" src=\"https:\/\/www.ospodgorje.si\/files\/2025\/06\/aktualno-111-Podgorje-otvoritev-5.jpg\" alt=\"\" class=\"wp-image-7516\" srcset=\"https:\/\/www.ospodgorje.si\/files\/2025\/06\/aktualno-111-Podgorje-otvoritev-5.jpg 400w, https:\/\/www.ospodgorje.si\/files\/2025\/06\/aktualno-111-Podgorje-otvoritev-5-300x169.jpg 300w\" sizes=\"auto, (max-width: 400px) 100vw, 400px\" \/><\/a><\/figure>\n\n\n\n<figure class=\"wp-block-image size-large\"><a href=\"https:\/\/www.ospodgorje.si\/files\/2025\/06\/aktualno-111-Podgorje-otvoritev-6.jpg\" target=\"_blank\"><img loading=\"lazy\" decoding=\"async\" width=\"400\" height=\"218\" data-id=\"7519\" src=\"https:\/\/www.ospodgorje.si\/files\/2025\/06\/aktualno-111-Podgorje-otvoritev-6.jpg\" alt=\"\" class=\"wp-image-7519\" srcset=\"https:\/\/www.ospodgorje.si\/files\/2025\/06\/aktualno-111-Podgorje-otvoritev-6.jpg 400w, https:\/\/www.ospodgorje.si\/files\/2025\/06\/aktualno-111-Podgorje-otvoritev-6-300x164.jpg 300w\" sizes=\"auto, (max-width: 400px) 100vw, 400px\" \/><\/a><\/figure>\n\n\n\n<figure class=\"wp-block-image size-large\"><a href=\"https:\/\/www.ospodgorje.si\/files\/2025\/06\/aktualno-111-Podgorje-otvoritev-7.jpg\" target=\"_blank\"><img loading=\"lazy\" decoding=\"async\" width=\"400\" height=\"261\" data-id=\"7520\" src=\"https:\/\/www.ospodgorje.si\/files\/2025\/06\/aktualno-111-Podgorje-otvoritev-7.jpg\" alt=\"\" class=\"wp-image-7520\" srcset=\"https:\/\/www.ospodgorje.si\/files\/2025\/06\/aktualno-111-Podgorje-otvoritev-7.jpg 400w, https:\/\/www.ospodgorje.si\/files\/2025\/06\/aktualno-111-Podgorje-otvoritev-7-300x196.jpg 300w\" sizes=\"auto, (max-width: 400px) 100vw, 400px\" \/><\/a><\/figure>\n\n\n\n<figure class=\"wp-block-image size-large\"><a href=\"https:\/\/www.ospodgorje.si\/files\/2025\/06\/aktualno-111-Podgorje-otvoritev-8.jpg\" target=\"_blank\"><img loading=\"lazy\" decoding=\"async\" width=\"400\" height=\"221\" data-id=\"7521\" src=\"https:\/\/www.ospodgorje.si\/files\/2025\/06\/aktualno-111-Podgorje-otvoritev-8.jpg\" alt=\"\" class=\"wp-image-7521\" srcset=\"https:\/\/www.ospodgorje.si\/files\/2025\/06\/aktualno-111-Podgorje-otvoritev-8.jpg 400w, https:\/\/www.ospodgorje.si\/files\/2025\/06\/aktualno-111-Podgorje-otvoritev-8-300x166.jpg 300w\" sizes=\"auto, (max-width: 400px) 100vw, 400px\" \/><\/a><\/figure>\n<\/figure>\n","protected":false},"excerpt":{"rendered":"<p>Pred natanko petimi meseci to je 20 aprila letos smo zaklju\u010dili eno lepo zgodbico. Otvorili smo dolgo pri\u010dakovano garderobo na vhodu \u0161ole. Po dolgem \u010dasu smo tudi v Podgorju za\u010dutili duh po novem in&#46;&#46;&#46;<\/p>\n","protected":false},"author":25249,"featured_media":7520,"comment_status":"closed","ping_status":"open","sticky":false,"template":"","format":"standard","meta":{"ngg_post_thumbnail":0,"footnotes":""},"categories":[9],"tags":[],"class_list":["post-7513","post","type-post","status-publish","format-standard","has-post-thumbnail","hentry","category-novice"],"_links":{"self":[{"href":"https:\/\/www.ospodgorje.si\/index.php?rest_route=\/wp\/v2\/posts\/7513","targetHints":{"allow":["GET"]}}],"collection":[{"href":"https:\/\/www.ospodgorje.si\/index.php?rest_route=\/wp\/v2\/posts"}],"about":[{"href":"https:\/\/www.ospodgorje.si\/index.php?rest_route=\/wp\/v2\/types\/post"}],"author":[{"embeddable":true,"href":"https:\/\/www.ospodgorje.si\/index.php?rest_route=\/wp\/v2\/users\/25249"}],"replies":[{"embeddable":true,"href":"https:\/\/www.ospodgorje.si\/index.php?rest_route=%2Fwp%2Fv2%2Fcomments&post=7513"}],"version-history":[{"count":2,"href":"https:\/\/www.ospodgorje.si\/index.php?rest_route=\/wp\/v2\/posts\/7513\/revisions"}],"predecessor-version":[{"id":8221,"href":"https:\/\/www.ospodgorje.si\/index.php?rest_route=\/wp\/v2\/posts\/7513\/revisions\/8221"}],"wp:featuredmedia":[{"embeddable":true,"href":"https:\/\/www.ospodgorje.si\/index.php?rest_route=\/wp\/v2\/media\/7520"}],"wp:attachment":[{"href":"https:\/\/www.ospodgorje.si\/index.php?rest_route=%2Fwp%2Fv2%2Fmedia&parent=7513"}],"wp:term":[{"taxonomy":"category","embeddable":true,"href":"https:\/\/www.ospodgorje.si\/index.php?rest_route=%2Fwp%2Fv2%2Fcategories&post=7513"},{"taxonomy":"post_tag","embeddable":true,"href":"https:\/\/www.ospodgorje.si\/index.php?rest_route=%2Fwp%2Fv2%2Ftags&post=7513"}],"curies":[{"name":"wp","href":"https:\/\/api.w.org\/{rel}","templated":true}]}}