{"id":7472,"date":"2012-04-28T08:49:00","date_gmt":"2012-04-28T06:49:00","guid":{"rendered":"https:\/\/podgorjesg.splet.arnes.si\/?p=7472"},"modified":"2025-06-16T08:50:48","modified_gmt":"2025-06-16T06:50:48","slug":"nasa-osnovna-sola-podgorje-pri-slovenj-gradcu-je-bila-skupaj-s-partnersko-0snovno-solo-mislinja-sprejeta-v-program-popestrimo-solo-2011-2012","status":"publish","type":"post","link":"https:\/\/www.ospodgorje.si\/?p=7472","title":{"rendered":"Na\u0161a osnovna \u0161ola Podgorje pri Slovenj Gradcu je bila skupaj s partnersko 0snovno \u0161olo Mislinja sprejeta v program\u00a0 \u00bbPopestrimo \u0161olo 2011\/2012\u00ab."},"content":{"rendered":"\n<figure class=\"wp-block-gallery has-nested-images columns-default is-cropped wp-block-gallery-1 is-layout-flex wp-block-gallery-is-layout-flex\">\n<figure class=\"wp-block-image size-large\"><img loading=\"lazy\" decoding=\"async\" width=\"200\" height=\"59\" data-id=\"7473\" src=\"https:\/\/www.ospodgorje.si\/files\/2025\/06\/aktualno-107-P1.jpg\" alt=\"\" class=\"wp-image-7473\" \/><\/figure>\n\n\n\n<figure class=\"wp-block-image size-large\"><img loading=\"lazy\" decoding=\"async\" width=\"200\" height=\"43\" data-id=\"7474\" src=\"https:\/\/www.ospodgorje.si\/files\/2025\/06\/aktualno-107-P2.jpg\" alt=\"\" class=\"wp-image-7474\" \/><\/figure>\n\n\n\n<figure class=\"wp-block-image size-large\"><img loading=\"lazy\" decoding=\"async\" width=\"400\" height=\"94\" data-id=\"7475\" src=\"https:\/\/www.ospodgorje.si\/files\/2025\/06\/aktualno-107-P3.jpg\" alt=\"\" class=\"wp-image-7475\" srcset=\"https:\/\/www.ospodgorje.si\/files\/2025\/06\/aktualno-107-P3.jpg 400w, https:\/\/www.ospodgorje.si\/files\/2025\/06\/aktualno-107-P3-300x71.jpg 300w\" sizes=\"auto, (max-width: 400px) 100vw, 400px\" \/><\/figure>\n<\/figure>\n\n\n\n<p>Namen programa \u00bbSpodbujanje izvajanja programov Popestrimo \u0161olo v letih 2011, 2012, 2013 in 2014\u00ab, je razvoj novih pedago\u0161kih strategij in oblik dela, v okviru katerih bomo izvajali aktivnosti, ki prispevajo k razvoju klju\u010dnih kompetenc po priporo\u010dilu Evropske skupnosti. Otrokom bo ponujena mo\u017enost graditi njihovo pozitivno samopodobo in samospo\u0161tovanje, razvijanje pozitivnega odnosa do narave in ljudi, s tem pa jim bomo omogo\u010dili prepoznavanje njihovih sposobnosti, talentov in \u017eelja.<br>S takim na\u010dinom dela bomo otrokom dali mo\u017enost, da se bodo lahko neobremenjeno vklju\u010devali v aktivnosti in s tem gradili na psiholo\u0161kem in socialnem razvoju.<\/p>\n\n\n\n<p>V okviru delovanja tega programa bomo od 1. 04. 2012 do 31. 08. 2012 na obeh \u0161olah (O\u0160 Mislinja in&nbsp;<strong>O\u0160 Podgorje pri Slovenj Gradcu s podru\u017enicama Razbor in \u0160miklav\u017e<\/strong>) izvajali naslednje dejavnosti:<\/p>\n\n\n\n<p>&#8211;&nbsp;&nbsp;&nbsp;&nbsp;<strong>Individualno delo<\/strong><br>Cilj: U\u010dencem pomagati do bolj\u0161ih u\u010dnih dose\u017ekov. Delo z nadarjenimi u\u010denci, delo z u\u010denci z u\u010dnimi te\u017eavami, delo z otroki iz ranljivih skupin.<br>Predvideni \u010das izvajanja od maja do junija<\/p>\n\n\n\n<p>&#8211;&nbsp;&nbsp;&nbsp;&nbsp;<strong>Priprave na tekmovanja<\/strong><br>Cilj: Priprava u\u010dencev na tekmovanja iz znanja, spretnosti, izdelkov\u2026 Pri aktivnosti bomo uporabljali fleksibilno diferenciacijo glede na u\u010dence.<br>Predvideni \u010das izvajanja od maja do junija<\/p>\n\n\n\n<p>&#8211;&nbsp;&nbsp;&nbsp;&nbsp;<strong>Po\u010ditni\u0161ke dejavnosti<\/strong><br>Cilj: Igre na prostem, igre v telovadnici, glasba, ples, gibanje v naravi.<br>Predvideni \u010das izvajanja od maja do avgusta<\/p>\n\n\n\n<p>&#8211;&nbsp;&nbsp;&nbsp;&nbsp;<strong>Po\u010ditni\u0161ko varstvo<\/strong><br>Cilj: Varstvo z ustvarjalnim pre\u017eivljanjem prostega \u010dasa.<br>Predvideni \u010das izvajanja od maja do avgusta<\/p>\n\n\n\n<p><strong>&#8211;&nbsp;&nbsp;&nbsp; Orffova glasbila<\/strong><br>Cilj: Spoznavanje Orffovih glasbil (ksilofon, metalofon, pal\u010dke, ropotulja\u2026), poslu\u0161anje glasbe, igranje na Orffova glasbila, vplivi glasbe na posameznika, izdelovanje lastnih glasbil iz naravnih materialov.<br>Predvideni \u010das izvajanja od maja do avgusta<\/p>\n\n\n\n<p><strong>&#8211;&nbsp;&nbsp;&nbsp; Ljudska modrost<\/strong><br>Cilj: Sodelovanje&nbsp; s starej\u0161imi generacijami, spoznavanje starih obi\u010dajev, dru\u017eabne igre iz preteklosti, izdelovanje pripomo\u010dkov iz naravnih materialov za igre, ogled starih slovenskih filmov, obisk kmetij, spoznavanje dela na kmetijah, sodelovanje pri razli\u010dnih kme\u010dkih opravilih, peka kruha, pletenje, vezenje, kva\u010dkanje, \u0161ivanje gobelinov &#8211; razstava izdelkov za krajane, seznanjanje s starimi slovenskimi jedmi.<br>Predvideni \u010das izvajanja od maja do avgusta<\/p>\n\n\n\n<p><strong>&#8211;&nbsp;&nbsp;&nbsp; Literarno ustvarjanje<\/strong><br>Cilj: Ure pravljic, sestavljanje lastnih zgodbic, likovno ustvarjanje iz knjig, pisanje pesmic, predstavitev pesmic, zgodb, dramsko ustvarjanje, izdelava obla\u010dil, nastopanje.<br>Predvideni \u010das izvajanja od maja do avgusta<\/p>\n\n\n\n<p><strong>&#8211;&nbsp;&nbsp;&nbsp; Bio vrtnarjenje<\/strong><br>Cilj: Sajenje, spoznavanje rastlin, njihove zna\u010dilnosti, priprava gredice, sajenje dreves, ro\u017eic, povrtnin, negovanje rastlin, ogled sadovnjaka, vrtov, spoznavanje zeli\u0161\u010d in njihovih u\u010dinkov.<br>Predvideni \u010das izvajanja od maja do avgusta<\/p>\n\n\n\n<p><strong>&#8211;&nbsp;&nbsp;&nbsp; Digitalna pismenost-osnove ra\u010dunalni\u0161tva<\/strong><br>Cilj: Osnovno znanje iz ra\u010dunalni\u0161tva (powerpoint, Word, Excell), risanje diagramov (tortni, stolpi\u010dni), nadgrajevanje, ra\u010dunalni\u0161ki kvizi, urejevanje besedil, programi za razli\u010dna predmetna podro\u010dja, spoznavanje interneta, iskanje podatkov iz interneta.<br>Predvideni \u010das izvajanja od maja do avgusta<\/p>\n\n\n\n<p>V program se lahko brezpla\u010dno in neobvezujo\u010de vklju\u010dijo vsi u\u010denci od 1. do 9. razreda. U\u010denci se lahko med samim izvajanjem programa prijavijo tudi naknadno. Izvajala ga bo u\u010diteljica Mateja Voler Repas, profesorica razrednega pouka.<\/p>\n\n\n\n<p>Urnik dejavnosti in vse ostale potrebne informacije se bodo posredovale naknadno po vpisu u\u010dencev.<\/p>\n\n\n\n<p>Program se bom izvajal vse delovne dni v tednu in sicer:<\/p>\n\n\n\n<p>&#8211; ponedeljek, torek, sreda na O\u0160 Podgorje,<br>&#8211; \u010detrtek na podru\u017enici \u0160miklav\u017e,<br>&#8211; petek na podru\u017enici Razbor.<\/p>\n\n\n\n<p>Vse dejavnosti, ki smo jih ponudili, bodo izvajane fleksibilno in se lahko tudi sproti spreminjajo.<\/p>\n\n\n\n<p>Ravnatelj mag. Aljo\u0161a Lavrin\u0161ek<\/p>\n\n\n\n<p>Koordinatorka projekta prof. Mateja Voler Repas<\/p>\n","protected":false},"excerpt":{"rendered":"<p>Namen programa \u00bbSpodbujanje izvajanja programov Popestrimo \u0161olo v letih 2011, 2012, 2013 in 2014\u00ab, je razvoj novih pedago\u0161kih strategij in oblik dela, v okviru katerih bomo izvajali aktivnosti, ki prispevajo k razvoju klju\u010dnih kompetenc&#46;&#46;&#46;<\/p>\n","protected":false},"author":25249,"featured_media":7475,"comment_status":"closed","ping_status":"open","sticky":false,"template":"","format":"standard","meta":{"ngg_post_thumbnail":0,"footnotes":""},"categories":[9],"tags":[],"class_list":["post-7472","post","type-post","status-publish","format-standard","has-post-thumbnail","hentry","category-novice"],"_links":{"self":[{"href":"https:\/\/www.ospodgorje.si\/index.php?rest_route=\/wp\/v2\/posts\/7472","targetHints":{"allow":["GET"]}}],"collection":[{"href":"https:\/\/www.ospodgorje.si\/index.php?rest_route=\/wp\/v2\/posts"}],"about":[{"href":"https:\/\/www.ospodgorje.si\/index.php?rest_route=\/wp\/v2\/types\/post"}],"author":[{"embeddable":true,"href":"https:\/\/www.ospodgorje.si\/index.php?rest_route=\/wp\/v2\/users\/25249"}],"replies":[{"embeddable":true,"href":"https:\/\/www.ospodgorje.si\/index.php?rest_route=%2Fwp%2Fv2%2Fcomments&post=7472"}],"version-history":[{"count":1,"href":"https:\/\/www.ospodgorje.si\/index.php?rest_route=\/wp\/v2\/posts\/7472\/revisions"}],"predecessor-version":[{"id":7476,"href":"https:\/\/www.ospodgorje.si\/index.php?rest_route=\/wp\/v2\/posts\/7472\/revisions\/7476"}],"wp:featuredmedia":[{"embeddable":true,"href":"https:\/\/www.ospodgorje.si\/index.php?rest_route=\/wp\/v2\/media\/7475"}],"wp:attachment":[{"href":"https:\/\/www.ospodgorje.si\/index.php?rest_route=%2Fwp%2Fv2%2Fmedia&parent=7472"}],"wp:term":[{"taxonomy":"category","embeddable":true,"href":"https:\/\/www.ospodgorje.si\/index.php?rest_route=%2Fwp%2Fv2%2Fcategories&post=7472"},{"taxonomy":"post_tag","embeddable":true,"href":"https:\/\/www.ospodgorje.si\/index.php?rest_route=%2Fwp%2Fv2%2Ftags&post=7472"}],"curies":[{"name":"wp","href":"https:\/\/api.w.org\/{rel}","templated":true}]}}